{"id":13099,"date":"2021-11-28T11:37:32","date_gmt":"2021-11-28T11:37:32","guid":{"rendered":"https:\/\/www.milanoklinik.com\/?p=13099"},"modified":"2021-12-14T08:28:30","modified_gmt":"2021-12-14T08:28:30","slug":"was-ist-der-gesicht-nach-dem-goldenen-schnitt","status":"publish","type":"post","link":"https:\/\/www.milanoklinik.com\/de\/was-ist-der-gesicht-nach-dem-goldenen-schnitt","title":{"rendered":"Was ist der gesicht nach dem Goldenen Schnitt?"},"content":{"rendered":"<p><span style=\"font-weight: 400;\">Goldener Schnitt ist eine ganz besondere und spezifische Zahl, die ungef\u00e4hr 1.618 ist. Jetzt fragen Sie sich vielleicht, warum wir &#8217;spezifisch&#8216; und &#8218;ungef\u00e4hr&#8216; im selben Satz verwendet haben. Das liegt daran, dass der Goldene Schnitt eine irrationale Zahl ist. Es ist die irrationale Zahl, die wir in der Natur selbst finden k\u00f6nnen. In diesem Artikel werden wir n\u00e4her darauf eingehen, was der Goldene Schnitt ist, wer ein Gesicht nach dem Goldenen Schnitt hat und wie Sie diesen idealen Look erzielen k\u00f6nnen.<\/span><\/p>\n<p><span style=\"font-weight: 400;\">Wie wir in der Einleitung erw\u00e4hnt haben, ist es eine sehr wichtige Studie in Bereichen wie Mathematik, Geometrie und sogar Design, da sie f\u00fcr das sequentielle Wachstum ben\u00f6tigt wird, weshalb die Zahl 1.618 (in einigen F\u00e4llen als 1.62 verwendet) sehr wichtig ist. Haben Sie sich schon einmal eine Sonnenblume angesehen und bemerkt, dass die mittlere Teilspirale mit den Samen sehr ansprechend ist? Das liegt daran, dass es an den Goldenen Schnitt verlinkt ist. Tats\u00e4chlich ist es eines der klassischen Beispiele f\u00fcr den Goldenen Schnitt in der Natur.<\/span><\/p>\n<p><span style=\"font-weight: 400;\">Lassen Sie uns an einem kleinen Beispiel zeigen, wie wir den Goldenen Schnitt finden k\u00f6nnen. Nehmen wir an, wir haben eine Linie, die 200 Zentimeter lang ist. Jetzt m\u00fcssen wir es auf eine sehr spezifische Weise teilen, dass beim Teilen der Quotient des l\u00e4ngeren Teils durch den k\u00fcrzeren Teil dem Quotienten der gesamten Linie durch den l\u00e4ngeren Teil entsprechen sollte. <\/span><\/p>\n<p><span style=\"font-weight: 400;\">Klingt verwirrend, oder? Eigentlich gar nicht! In diesem Fall m\u00fcssen wir die 200 Zentimeter lange Linie, die wir haben, durch das Verh\u00e4ltnis von 123,6 zu 76,4 teilen. Auf diese Weise, wenn wir 123,6 durch 76,4 teilen, ist das Ergebnis 1,618. Und wenn wir 200 durch 123,6 teilen, ist es auch gleich 1,618.\u00a0<\/span><span style=\"font-weight: 400;\">Im Laufe der Geschichte war Sch\u00f6nheit schon immer ein Diskussionsthema. Was wir sch\u00f6n finden, wen wir sch\u00f6n finden, war eine Frage mit vielen Antworten. Von den Anf\u00e4ngen der Zivilisationen bis zur heutigen Welt sind wir stolz auf die sch\u00f6nen Dinge, die wir haben, wie Gem\u00e4lde, Skulpturen, Landschaften oder unsere eigene Sch\u00f6nheit. Aber w\u00e4ren Sie \u00fcberrascht, wenn wir sagen, dass es einen Weg gibt, die Sch\u00f6nheit der Dinge zu berechnen? Seltsamerweise, k\u00f6nnen wir die Antwort in der Mathematik finden. Ja, du hast das richtig gelesen, die Antwort liegt in Zahlen. In den fr\u00fchen Zeiten der Menschheit, n\u00e4mlich der antiken griechischen Zivilisation, haben Mathematiker wie Euklid jahrelang genau dieses Thema studiert. Und von da an haben gro\u00dfe Geister \u00fcber Jahrhunderte und Jahrhunderte ihr Lebenswerk damit verbracht. <\/span><\/p>\n<p><span style=\"font-weight: 400;\">Dies nennen wir heute den Goldenen Schnitt oder in einigen F\u00e4llen Phi. Obwohl Mathematiker wegen der Geometrie fasziniert waren, wurde es langsam mehr als das. Jetzt, vor allem in der Kosmetik, behandeln wir es als das Ideal, und jagen nach einem Goldenen Schnitt Gesicht. Kosmetikerinnen auf der ganzen Welt sind von Patienten umschw\u00e4rmt, die ein Gesicht nach dem Goldenen Schnitt haben m\u00f6chten. Aber was genau ist der Goldene Schnitt und warum ist dieser mathematische Begriff in Sch\u00f6nheit und Kosmetik so wichtig?<\/span><span style=\"font-weight: 400;\">Wie wir oben erw\u00e4hnt haben, bedeutet goldener Schnitt in der Natur, dass etwas f\u00fcr das Auge angenehm ist. Deshalb gilt es f\u00fcr viele Menschen auch f\u00fcr die Sch\u00f6nheit, besonders f\u00fcr unsere Gesichter. Es ist der Wachstumsaspekt der es so angenehm anzusehen macht. Hier verwenden wir das 1,618-Verh\u00e4ltnis auf unseren Gesichtern. Wir verwenden diese Zahl, um die L\u00e4nge und den Abstand unserer Gesichtsz\u00fcge zu berechnen, und ja, wir m\u00fcssen 1,618 als Ergebnis haben. Zum Beispiel sollte die L\u00e4nge zwischen unserem Haaransatz das 1,618-fache der L\u00e4nge der Oberseite unserer Augenbrauen bis zu den unteren Augenlidern betragen. Wenn diese Verh\u00e4ltnisse erf\u00fcllt sind, nennen wir es ein makelloses Gesicht.<\/span><\/p>\n<p><span style=\"font-weight: 400;\">Obwohl es kein echtes Gesicht nach dem Goldenen Schnitt gibt, wie wir wissen, gibt es einige Prominente, die dem nahe kommen. Laut Untersuchungen von Dr. Julian De Silva hat Bella Hadid ein Gesicht, das einem Goldenen Schnitt von 94,35% sehr nahe kommt! Aber nat\u00fcrlich, wie die anderen Prominenten in dieser Liste, k\u00f6nnen wir sagen, dass sie nicht mit diesen Eigenschaften geboren wurde. Lassen Sie uns einige der Schn\u00f6nheitsperationen von Bella Hadid durchgehen, wie wir es in unserem Artikel \u00fcber Sch\u00f6nheitsoperationen von Kylie Jenner getan haben, um Ihnen zu zeigen, wie Sie auch ideale Gesichtsz\u00fcge erzielen k\u00f6nnen.\u00a0<\/span><\/p>\n<p><span style=\"font-weight: 400;\">Eine der fr\u00fchesten Ver\u00e4nderungen, die wir in Bella Hadids Aussehen verfolgen k\u00f6nnen, ist ihre Nase. In ihren fr\u00fchen Teenagerjahren konnte eine Br\u00fccke auf ihrer Nase entdeckt werden. Um 2014 herum konnten wir sehen, dass diese Br\u00fccke, wahrscheinlich als Ergebnis der <a href=\"https:\/\/www.milanoklinik.com\/de\/nasenkorrektur-turkei\/\">Nasenkorrektur<\/a>, l\u00e4ngst verschwunden war. <\/span><\/p>\n<p><span style=\"font-weight: 400;\">Sp\u00e4ter um 2016 herum k\u00f6nnen wir sehen, dass ihr Gesicht seine Rundheit verloren hat und ihre Wangenknochen sehr prominent wurden. Obwohl dies in einigen F\u00e4llen als &#8222;Gl\u00fchen&#8220; interpretiert werden k\u00f6nnte, k\u00f6nnte es auch das Ergebnis einer Facelifting-Operation und eines Gesichtsfetttransfers sein. Aber das echte Deal war, als ihre <a href=\"https:\/\/www.milanoklinik.com\/de\/augenbrauenlifting-turkei\/\">Augenbrauenlifting<\/a> zum Gespr\u00e4chsthema der Stadt wurden. Die Enden gew\u00f6lbt und ihre Augenbraue Erhebend wurde dies der Standard &#8222;Modell-Look&#8220; in diesem Jahr.<\/span><\/p>\n<p><span style=\"font-weight: 400;\"> Und schlie\u00dflich machte 2021 ihre perfekt V-f\u00f6rmige Kieferlinie Schlagzeilen. Einige trugen dies zu einem m\u00f6glichen Gewichtsverlust bei, da Yolanda Hadid f\u00fcr die strenge Di\u00e4t der Hadid-Schwestern ber\u00fcchtigt ist, aber viele Kosmetikerinnen glauben nicht an eine solche Theorie und denken, dass dies das Ergebnis einer Halsstraffung oder einer Facelifting-Operation sein k\u00f6nnte. Wie wie es kennen hat Bella Hadid das Gesicht nach dem Goldenen Schnitt bekommen oder oder wie sie einem Goldenen Schnitt sehr nahe kommt.\u00a0<\/span><\/p>\n<p><span style=\"font-weight: 400;\">Wie Proclus gesagt hat: &#8222;Wo es Zahl gibt, gibt es Sch\u00f6nheit.\u201d Selbst in der Sch\u00f6nheit gibt es eine sehr d\u00fcnne Linie, um wie eine ideale Sch\u00f6nheit auszusehen. In <a href=\"https:\/\/www.milanoklinik.com\/de\/startseite\/\">Milano Klinik<\/a> glauben wir, dass es das Recht jedes einzelnen unserer Patienten ist, wie diese ideale Sch\u00f6nheit auszusehen, und unsere Kosmetikerinnen arbeiten enorm, um ihnen zu helfen, diesen Traum zu verwirklichen. Wir bieten zum Beispiel <a href=\"https:\/\/www.milanoklinik.com\/de\/augenlidstraffung-turkei\/\">Augenlidstraffung<\/a> in der T\u00fcrkei, die Ihren idealen Look Wahr werden lassen. F\u00fcr weitere Informationen zu unseren Leistungen, Preisen und vielem mehr kontaktieren Sie uns bitte.\u00a0<\/span><\/p>\n<p>Sie k\u00f6nnen den vorherigen Artikel \u00fcber <a href=\"https:\/\/www.milanoklinik.com\/de\/schoenheitsoperation-in-england-tuerkei\/\">https:\/\/www.milanoklinik.com\/de\/schoenheitsoperation-in-england-tuerkei\/<\/a>erreichen.<\/p>\n","protected":false},"excerpt":{"rendered":"<p>Goldener Schnitt ist eine ganz besondere und spezifische Zahl, die ungef\u00e4hr 1.618 ist. Jetzt fragen Sie sich vielleicht, warum wir &#8217;spezifisch&#8216; und &#8218;ungef\u00e4hr&#8216; im selben Satz verwendet haben. Das liegt daran, dass der Goldene Schnitt eine irrationale Zahl ist. Es ist die irrationale Zahl, die wir in der Natur selbst finden k\u00f6nnen. In diesem Artikel [&hellip;]<\/p>\n","protected":false},"author":1,"featured_media":13100,"comment_status":"open","ping_status":"open","sticky":false,"template":"","format":"standard","meta":[],"categories":[115],"tags":[],"yoast_head":"<!-- This site is optimized with the Yoast SEO plugin v20.7 - https:\/\/yoast.com\/wordpress\/plugins\/seo\/ -->\n<title>Was ist der gesicht nach dem Goldenen Schnitt? - Milano Klinik<\/title>\n<meta name=\"description\" content=\"In diesem Artikel werden wir n\u00e4her darauf eingehen, was der Goldene Schnitt ist, wer ein Gesicht nach dem Goldenen Schnitt hat und wie Sie diesen idealen Look erzielen k\u00f6nnen.\" \/>\n<meta name=\"robots\" content=\"index, follow, max-snippet:-1, max-image-preview:large, max-video-preview:-1\" \/>\n<link rel=\"canonical\" href=\"https:\/\/www.milanoklinik.com\/de\/was-ist-der-gesicht-nach-dem-goldenen-schnitt\" \/>\n<meta property=\"og:locale\" content=\"de_DE\" \/>\n<meta property=\"og:type\" content=\"article\" \/>\n<meta property=\"og:title\" content=\"Was ist der gesicht nach dem Goldenen Schnitt? - Milano Klinik\" \/>\n<meta property=\"og:description\" content=\"In diesem Artikel werden wir n\u00e4her darauf eingehen, was der Goldene Schnitt ist, wer ein Gesicht nach dem Goldenen Schnitt hat und wie Sie diesen idealen Look erzielen k\u00f6nnen.\" \/>\n<meta property=\"og:url\" content=\"https:\/\/www.milanoklinik.com\/de\/was-ist-der-gesicht-nach-dem-goldenen-schnitt\" \/>\n<meta property=\"og:site_name\" content=\"Milano Klinik\" \/>\n<meta property=\"article:publisher\" content=\"https:\/\/www.facebook.com\/milanoclinicturkey\/\" \/>\n<meta property=\"article:author\" content=\"http:\/\/facebook.com\/milanoklinik\" \/>\n<meta property=\"article:published_time\" content=\"2021-11-28T11:37:32+00:00\" \/>\n<meta property=\"article:modified_time\" content=\"2021-12-14T08:28:30+00:00\" \/>\n<meta property=\"og:image\" content=\"https:\/\/www.milanoklinik.com\/wp-content\/uploads\/2021\/11\/gesicht-nach-dem-goldenen-schnitt-1.jpg\" \/>\n\t<meta property=\"og:image:width\" content=\"1200\" \/>\n\t<meta property=\"og:image:height\" content=\"800\" \/>\n\t<meta property=\"og:image:type\" content=\"image\/jpeg\" \/>\n<meta name=\"author\" content=\"Milano Klinik\" \/>\n<meta name=\"twitter:card\" content=\"summary_large_image\" \/>\n<meta name=\"twitter:creator\" content=\"@milanoklinik\" \/>\n<meta name=\"twitter:site\" content=\"@milanoklinik\" \/>\n<meta name=\"twitter:label1\" content=\"Verfasst von\" \/>\n\t<meta name=\"twitter:data1\" content=\"Milano Klinik\" \/>\n\t<meta name=\"twitter:label2\" content=\"Gesch\u00e4tzte Lesezeit\" \/>\n\t<meta name=\"twitter:data2\" content=\"5 Minuten\" \/>\n<script type=\"application\/ld+json\" class=\"yoast-schema-graph\">{\"@context\":\"https:\/\/schema.org\",\"@graph\":[{\"@type\":\"Article\",\"@id\":\"https:\/\/www.milanoklinik.com\/de\/was-ist-der-gesicht-nach-dem-goldenen-schnitt#article\",\"isPartOf\":{\"@id\":\"https:\/\/www.milanoklinik.com\/de\/was-ist-der-gesicht-nach-dem-goldenen-schnitt\"},\"author\":{\"name\":\"Milano Klinik\",\"@id\":\"https:\/\/www.milanoklinik.com\/#\/schema\/person\/98c53fbdf88276e9c571836229de5e94\"},\"headline\":\"Was ist der gesicht nach dem Goldenen Schnitt?\",\"datePublished\":\"2021-11-28T11:37:32+00:00\",\"dateModified\":\"2021-12-14T08:28:30+00:00\",\"mainEntityOfPage\":{\"@id\":\"https:\/\/www.milanoklinik.com\/de\/was-ist-der-gesicht-nach-dem-goldenen-schnitt\"},\"wordCount\":1049,\"commentCount\":0,\"publisher\":{\"@id\":\"https:\/\/www.milanoklinik.com\/#organization\"},\"articleSection\":[\"Aesthetik\"],\"inLanguage\":\"de-DE\",\"potentialAction\":[{\"@type\":\"CommentAction\",\"name\":\"Comment\",\"target\":[\"https:\/\/www.milanoklinik.com\/de\/was-ist-der-gesicht-nach-dem-goldenen-schnitt#respond\"]}]},{\"@type\":\"WebPage\",\"@id\":\"https:\/\/www.milanoklinik.com\/de\/was-ist-der-gesicht-nach-dem-goldenen-schnitt\",\"url\":\"https:\/\/www.milanoklinik.com\/de\/was-ist-der-gesicht-nach-dem-goldenen-schnitt\",\"name\":\"Was ist der gesicht nach dem Goldenen Schnitt? - Milano Klinik\",\"isPartOf\":{\"@id\":\"https:\/\/www.milanoklinik.com\/#website\"},\"datePublished\":\"2021-11-28T11:37:32+00:00\",\"dateModified\":\"2021-12-14T08:28:30+00:00\",\"description\":\"In diesem Artikel werden wir n\u00e4her darauf eingehen, was der Goldene Schnitt ist, wer ein Gesicht nach dem Goldenen Schnitt hat und wie Sie diesen idealen Look erzielen k\u00f6nnen.\",\"inLanguage\":\"de-DE\",\"potentialAction\":[{\"@type\":\"ReadAction\",\"target\":[\"https:\/\/www.milanoklinik.com\/de\/was-ist-der-gesicht-nach-dem-goldenen-schnitt\"]}]},{\"@type\":\"WebSite\",\"@id\":\"https:\/\/www.milanoklinik.com\/#website\",\"url\":\"https:\/\/www.milanoklinik.com\/\",\"name\":\"Milano Klinik\",\"description\":\"Milano Klinik \u2022 Cerrahi Estetik Merkezi - Sa\u00e7 Ekim Merkezi \u2022 Milano Klinik,Burun Esteti\u011fi,G\u00f6\u011f\u00fcs Esteti\u011fi,Liposuction\",\"publisher\":{\"@id\":\"https:\/\/www.milanoklinik.com\/#organization\"},\"potentialAction\":[{\"@type\":\"SearchAction\",\"target\":{\"@type\":\"EntryPoint\",\"urlTemplate\":\"https:\/\/www.milanoklinik.com\/?s={search_term_string}\"},\"query-input\":\"required name=search_term_string\"}],\"inLanguage\":\"de-DE\"},{\"@type\":\"Organization\",\"@id\":\"https:\/\/www.milanoklinik.com\/#organization\",\"name\":\"Milano Klinik\",\"url\":\"https:\/\/www.milanoklinik.com\/\",\"logo\":{\"@type\":\"ImageObject\",\"inLanguage\":\"de-DE\",\"@id\":\"https:\/\/www.milanoklinik.com\/#\/schema\/logo\/image\/\",\"url\":\"https:\/\/www.milanoklinik.com\/wp-content\/uploads\/2024\/01\/milano-logo-2021-2-300x169-2.webp\",\"contentUrl\":\"https:\/\/www.milanoklinik.com\/wp-content\/uploads\/2024\/01\/milano-logo-2021-2-300x169-2.webp\",\"width\":300,\"height\":169,\"caption\":\"Milano Klinik\"},\"image\":{\"@id\":\"https:\/\/www.milanoklinik.com\/#\/schema\/logo\/image\/\"},\"sameAs\":[\"https:\/\/www.facebook.com\/milanoclinicturkey\/\",\"https:\/\/twitter.com\/milanoklinik\"]},{\"@type\":\"Person\",\"@id\":\"https:\/\/www.milanoklinik.com\/#\/schema\/person\/98c53fbdf88276e9c571836229de5e94\",\"name\":\"Milano Klinik\",\"image\":{\"@type\":\"ImageObject\",\"inLanguage\":\"de-DE\",\"@id\":\"https:\/\/www.milanoklinik.com\/#\/schema\/person\/image\/\",\"url\":\"https:\/\/secure.gravatar.com\/avatar\/24b37fd570cf1a2750424882debfe917?s=96&d=mm&r=g\",\"contentUrl\":\"https:\/\/secure.gravatar.com\/avatar\/24b37fd570cf1a2750424882debfe917?s=96&d=mm&r=g\",\"caption\":\"Milano Klinik\"},\"sameAs\":[\"https:\/\/www.milanoklinik.com\/\",\"http:\/\/facebook.com\/milanoklinik\"],\"url\":\"https:\/\/www.milanoklinik.com\/de\/author\/milanoklinik\"}]}<\/script>\n<!-- \/ Yoast SEO plugin. -->","yoast_head_json":{"title":"Was ist der gesicht nach dem Goldenen Schnitt? - Milano Klinik","description":"In diesem Artikel werden wir n\u00e4her darauf eingehen, was der Goldene Schnitt ist, wer ein Gesicht nach dem Goldenen Schnitt hat und wie Sie diesen idealen Look erzielen k\u00f6nnen.","robots":{"index":"index","follow":"follow","max-snippet":"max-snippet:-1","max-image-preview":"max-image-preview:large","max-video-preview":"max-video-preview:-1"},"canonical":"https:\/\/www.milanoklinik.com\/de\/was-ist-der-gesicht-nach-dem-goldenen-schnitt","og_locale":"de_DE","og_type":"article","og_title":"Was ist der gesicht nach dem Goldenen Schnitt? - Milano Klinik","og_description":"In diesem Artikel werden wir n\u00e4her darauf eingehen, was der Goldene Schnitt ist, wer ein Gesicht nach dem Goldenen Schnitt hat und wie Sie diesen idealen Look erzielen k\u00f6nnen.","og_url":"https:\/\/www.milanoklinik.com\/de\/was-ist-der-gesicht-nach-dem-goldenen-schnitt","og_site_name":"Milano Klinik","article_publisher":"https:\/\/www.facebook.com\/milanoclinicturkey\/","article_author":"http:\/\/facebook.com\/milanoklinik","article_published_time":"2021-11-28T11:37:32+00:00","article_modified_time":"2021-12-14T08:28:30+00:00","og_image":[{"width":1200,"height":800,"url":"https:\/\/www.milanoklinik.com\/wp-content\/uploads\/2021\/11\/gesicht-nach-dem-goldenen-schnitt-1.jpg","type":"image\/jpeg"}],"author":"Milano Klinik","twitter_card":"summary_large_image","twitter_creator":"@milanoklinik","twitter_site":"@milanoklinik","twitter_misc":{"Verfasst von":"Milano Klinik","Gesch\u00e4tzte Lesezeit":"5 Minuten"},"schema":{"@context":"https:\/\/schema.org","@graph":[{"@type":"Article","@id":"https:\/\/www.milanoklinik.com\/de\/was-ist-der-gesicht-nach-dem-goldenen-schnitt#article","isPartOf":{"@id":"https:\/\/www.milanoklinik.com\/de\/was-ist-der-gesicht-nach-dem-goldenen-schnitt"},"author":{"name":"Milano Klinik","@id":"https:\/\/www.milanoklinik.com\/#\/schema\/person\/98c53fbdf88276e9c571836229de5e94"},"headline":"Was ist der gesicht nach dem Goldenen Schnitt?","datePublished":"2021-11-28T11:37:32+00:00","dateModified":"2021-12-14T08:28:30+00:00","mainEntityOfPage":{"@id":"https:\/\/www.milanoklinik.com\/de\/was-ist-der-gesicht-nach-dem-goldenen-schnitt"},"wordCount":1049,"commentCount":0,"publisher":{"@id":"https:\/\/www.milanoklinik.com\/#organization"},"articleSection":["Aesthetik"],"inLanguage":"de-DE","potentialAction":[{"@type":"CommentAction","name":"Comment","target":["https:\/\/www.milanoklinik.com\/de\/was-ist-der-gesicht-nach-dem-goldenen-schnitt#respond"]}]},{"@type":"WebPage","@id":"https:\/\/www.milanoklinik.com\/de\/was-ist-der-gesicht-nach-dem-goldenen-schnitt","url":"https:\/\/www.milanoklinik.com\/de\/was-ist-der-gesicht-nach-dem-goldenen-schnitt","name":"Was ist der gesicht nach dem Goldenen Schnitt? - Milano Klinik","isPartOf":{"@id":"https:\/\/www.milanoklinik.com\/#website"},"datePublished":"2021-11-28T11:37:32+00:00","dateModified":"2021-12-14T08:28:30+00:00","description":"In diesem Artikel werden wir n\u00e4her darauf eingehen, was der Goldene Schnitt ist, wer ein Gesicht nach dem Goldenen Schnitt hat und wie Sie diesen idealen Look erzielen k\u00f6nnen.","inLanguage":"de-DE","potentialAction":[{"@type":"ReadAction","target":["https:\/\/www.milanoklinik.com\/de\/was-ist-der-gesicht-nach-dem-goldenen-schnitt"]}]},{"@type":"WebSite","@id":"https:\/\/www.milanoklinik.com\/#website","url":"https:\/\/www.milanoklinik.com\/","name":"Milano Klinik","description":"Milano Klinik \u2022 Cerrahi Estetik Merkezi - Sa\u00e7 Ekim Merkezi \u2022 Milano Klinik,Burun Esteti\u011fi,G\u00f6\u011f\u00fcs Esteti\u011fi,Liposuction","publisher":{"@id":"https:\/\/www.milanoklinik.com\/#organization"},"potentialAction":[{"@type":"SearchAction","target":{"@type":"EntryPoint","urlTemplate":"https:\/\/www.milanoklinik.com\/?s={search_term_string}"},"query-input":"required name=search_term_string"}],"inLanguage":"de-DE"},{"@type":"Organization","@id":"https:\/\/www.milanoklinik.com\/#organization","name":"Milano Klinik","url":"https:\/\/www.milanoklinik.com\/","logo":{"@type":"ImageObject","inLanguage":"de-DE","@id":"https:\/\/www.milanoklinik.com\/#\/schema\/logo\/image\/","url":"https:\/\/www.milanoklinik.com\/wp-content\/uploads\/2024\/01\/milano-logo-2021-2-300x169-2.webp","contentUrl":"https:\/\/www.milanoklinik.com\/wp-content\/uploads\/2024\/01\/milano-logo-2021-2-300x169-2.webp","width":300,"height":169,"caption":"Milano Klinik"},"image":{"@id":"https:\/\/www.milanoklinik.com\/#\/schema\/logo\/image\/"},"sameAs":["https:\/\/www.facebook.com\/milanoclinicturkey\/","https:\/\/twitter.com\/milanoklinik"]},{"@type":"Person","@id":"https:\/\/www.milanoklinik.com\/#\/schema\/person\/98c53fbdf88276e9c571836229de5e94","name":"Milano Klinik","image":{"@type":"ImageObject","inLanguage":"de-DE","@id":"https:\/\/www.milanoklinik.com\/#\/schema\/person\/image\/","url":"https:\/\/secure.gravatar.com\/avatar\/24b37fd570cf1a2750424882debfe917?s=96&d=mm&r=g","contentUrl":"https:\/\/secure.gravatar.com\/avatar\/24b37fd570cf1a2750424882debfe917?s=96&d=mm&r=g","caption":"Milano Klinik"},"sameAs":["https:\/\/www.milanoklinik.com\/","http:\/\/facebook.com\/milanoklinik"],"url":"https:\/\/www.milanoklinik.com\/de\/author\/milanoklinik"}]}},"_links":{"self":[{"href":"https:\/\/www.milanoklinik.com\/de\/wp-json\/wp\/v2\/posts\/13099"}],"collection":[{"href":"https:\/\/www.milanoklinik.com\/de\/wp-json\/wp\/v2\/posts"}],"about":[{"href":"https:\/\/www.milanoklinik.com\/de\/wp-json\/wp\/v2\/types\/post"}],"author":[{"embeddable":true,"href":"https:\/\/www.milanoklinik.com\/de\/wp-json\/wp\/v2\/users\/1"}],"replies":[{"embeddable":true,"href":"https:\/\/www.milanoklinik.com\/de\/wp-json\/wp\/v2\/comments?post=13099"}],"version-history":[{"count":0,"href":"https:\/\/www.milanoklinik.com\/de\/wp-json\/wp\/v2\/posts\/13099\/revisions"}],"wp:featuredmedia":[{"embeddable":true,"href":"https:\/\/www.milanoklinik.com\/de\/wp-json\/wp\/v2\/media\/13100"}],"wp:attachment":[{"href":"https:\/\/www.milanoklinik.com\/de\/wp-json\/wp\/v2\/media?parent=13099"}],"wp:term":[{"taxonomy":"category","embeddable":true,"href":"https:\/\/www.milanoklinik.com\/de\/wp-json\/wp\/v2\/categories?post=13099"},{"taxonomy":"post_tag","embeddable":true,"href":"https:\/\/www.milanoklinik.com\/de\/wp-json\/wp\/v2\/tags?post=13099"}],"curies":[{"name":"wp","href":"https:\/\/api.w.org\/{rel}","templated":true}]}}